{"id":17991,"date":"2026-03-08T23:13:44","date_gmt":"2026-03-08T22:13:44","guid":{"rendered":"https:\/\/angiestravelroutes.com\/?p=17991"},"modified":"2026-03-26T17:31:00","modified_gmt":"2026-03-26T16:31:00","slug":"zavelstein-crocus-bloom","status":"publish","type":"post","link":"https:\/\/angiestravelroutes.com\/en\/krokusbluete-zavelstein\/","title":{"rendered":"Zavelstein Crocus Bloom: Purple Fields in the Black Forest, Germany"},"content":{"rendered":"<div style=\"height:50px\" aria-hidden=\"true\" class=\"wp-block-spacer\"><\/div>\n\n\n\n<p>In early March, the meadows around the small Black Forest town of Zavelstein, a district of Bad Teinach, turn into a sea of purple flowers. Thousands of wild crocuses cover the meadows around the historic old town and attract many visitors to the Northern Black Forest every year in March.\n\nI visited on a sunny spring day and combined the crocus bloom with a short walk through Zavelstein \u2013 including the castle ruins, half-timbered houses, and a cozy coffee break. If you like, you can easily combine this excursion with a wellness weekend in the Teinach Valley.<\/p>\n\n\n\n<div class=\"wp-block-uagb-container uagb-block-c7ca28f9 alignwide uagb-is-root-container\">\n<div class=\"wp-block-uagb-container uagb-block-06a9fc15\">\n<div class=\"wp-block-uagb-icon-list uagb-block-cb2b2460\"><div class=\"uagb-icon-list__wrap\">\n<div class=\"wp-block-uagb-icon-list-child uagb-block-e5d8175d\"><span class=\"uagb-icon-list__source-wrap\"><svg xmlns=\"https:\/\/www.w3.org\/2000\/svg\" viewbox=\"0 0 320 512\"><path d=\"M320 144C320 223.5 255.5 288 176 288C96.47 288 32 223.5 32 144C32 64.47 96.47 0 176 0C255.5 0 320 64.47 320 144zM192 64C192 55.16 184.8 48 176 48C122.1 48 80 90.98 80 144C80 152.8 87.16 160 96 160C104.8 160 112 152.8 112 144C112 108.7 140.7 80 176 80C184.8 80 192 72.84 192 64zM144 480V317.1C154.4 319 165.1 319.1 176 319.1C186.9 319.1 197.6 319 208 317.1V480C208 497.7 193.7 512 176 512C158.3 512 144 497.7 144 480z\"><\/path><\/svg><\/span><span class=\"uagb-icon-list__label\">Location: Zavelstein (Bad Teinach-Zavelstein), Northern Black Forest<\/span><\/div>\n\n\n\n<div class=\"wp-block-uagb-icon-list-child uagb-block-19edff59\"><span class=\"uagb-icon-list__source-wrap\"><svg xmlns=\"https:\/\/www.w3.org\/2000\/svg\" viewbox=\"0 0 512 512\"><path d=\"M512 165.4c0 127.9-70.05 235.3-175.3 270.1c-20.04 7.938-41.83 12.46-64.69 12.46c-64.9 0-125.2-36.51-155.7-94.47c-54.13 49.93-68.71 107-68.96 108.1C44.72 472.6 34.87 480 24.02 480c-1.844 0-3.727-.2187-5.602-.6562c-12.89-3.098-20.84-16.08-17.75-28.96c9.598-39.5 90.47-226.4 335.3-226.4C344.8 224 352 216.8 352 208S344.8 192 336 192C228.6 192 151 226.6 96.29 267.6c.1934-10.82 1.242-21.84 3.535-33.05c13.47-65.81 66.04-119 131.4-134.2c28.33-6.562 55.68-6.013 80.93-.0054c56 13.32 118.2-7.412 149.3-61.24c5.664-9.828 20.02-9.516 24.66 .8282C502.7 76.76 512 121.9 512 165.4z\"><\/path><\/svg><\/span><span class=\"uagb-icon-list__label\">Special feature: Wild crocus meadows around the historic town center<\/span><\/div>\n\n\n\n<div class=\"wp-block-uagb-icon-list-child uagb-block-2d17effb\"><a target=\"_blank\" aria-label=\"Best time: early to mid-March \" rel=\"noopener noreferrer\" href=\"https:\/\/www.teinachtal.de\/orte-im-teinachtal\/bad-teinach-zavelstein\/zavelsteiner-krokusbluete\/?etcc_med=SEA&amp;etcc_par=Google&amp;etcc_cmp=WANDERWELTEN&amp;etcc_grp=172801292126&amp;etcc_bky=krokus%20bl%C3%BCte&amp;etcc_mty=b&amp;etcc_plc=&amp;etcc_ctv=730761795261&amp;etcc_bde=c&amp;etcc_var=CjwKCAiAtq_NBhA_EiwA78nNWMqnpymfKWNeP6UOEqeeRQTn37oMWw-fOWnxhn3_GULlbu_MRUswyBoCocsQAvD_BwE&amp;gad_source=1&amp;gad_campaignid=21099064779&amp;gbraid=0AAAAA9aoWtmEs7fgyDqs_G7zLEq1lCqfS&amp;gclid=CjwKCAiAtq_NBhA_EiwA78nNWMqnpymfKWNeP6UOEqeeRQTn37oMWw-fOWnxhn3_GULlbu_MRUswyBoCocsQAvD_BwE\"> <\/a><span class=\"uagb-icon-list__source-wrap\"><svg xmlns=\"https:\/\/www.w3.org\/2000\/svg\" viewbox=\"0 0 640 512\"><path d=\"M96 208c0-61.86 50.14-111.1 111.1-111.1c52.65 0 96.5 36.45 108.5 85.42C334.7 173.1 354.7 168 375.1 168c4.607 0 9.152 .3809 13.68 .8203l24.13-34.76c5.145-7.414 .8965-17.67-7.984-19.27L317.2 98.78L301.2 10.21C299.6 1.325 289.4-2.919 281.9 2.226L208 53.54L134.1 2.225C126.6-2.92 116.4 1.326 114.8 10.21L98.78 98.78L10.21 114.8C1.326 116.4-2.922 126.7 2.223 134.1l51.3 73.94L2.224 281.9c-5.145 7.414-.8975 17.67 7.983 19.27L98.78 317.2l16.01 88.58c1.604 8.881 11.86 13.13 19.27 7.982l10.71-7.432c2.725-35.15 19.85-66.51 45.83-88.1C137.1 309.8 96 263.9 96 208zM128 208c0 44.18 35.82 80 80 80c9.729 0 18.93-1.996 27.56-5.176c7.002-33.65 25.53-62.85 51.57-83.44C282.8 159.3 249.2 128 208 128C163.8 128 128 163.8 128 208zM575.2 325.6c.125-2 .7453-3.744 .7453-5.619c0-35.38-28.75-64-63.1-64c-12.62 0-24.25 3.749-34.13 9.999c-17.62-38.88-56.5-65.1-101.9-65.1c-61.75 0-112 50.12-112 111.1c0 3 .7522 5.743 .8772 8.618c-49.63 3.75-88.88 44.74-88.88 95.37C175.1 469 218.1 512 271.1 512h272c53 0 96-42.99 96-95.99C639.1 373.9 612.7 338.6 575.2 325.6z\"><\/path><\/svg><\/span><span class=\"uagb-icon-list__label\">Best time: early to mid-March <\/span><\/div>\n\n\n\n<div class=\"wp-block-uagb-icon-list-child uagb-block-da854e0b\"><a target=\"_blank\" aria-label=\"Duration of the tour: approx. 1 - 2 hours\" rel=\"noopener noreferrer\" href=\"https:\/\/www.teinachtal.de\/orte-im-teinachtal\/bad-teinach-zavelstein\/zavelsteiner-krokusbluete\/?etcc_med=SEA&amp;etcc_par=Google&amp;etcc_cmp=WANDERWELTEN&amp;etcc_grp=172801292126&amp;etcc_bky=krokus%20bl%C3%BCte&amp;etcc_mty=b&amp;etcc_plc=&amp;etcc_ctv=730761795261&amp;etcc_bde=c&amp;etcc_var=CjwKCAiAtq_NBhA_EiwA78nNWMqnpymfKWNeP6UOEqeeRQTn37oMWw-fOWnxhn3_GULlbu_MRUswyBoCocsQAvD_BwE&amp;gad_source=1&amp;gad_campaignid=21099064779&amp;gbraid=0AAAAA9aoWtmEs7fgyDqs_G7zLEq1lCqfS&amp;gclid=CjwKCAiAtq_NBhA_EiwA78nNWMqnpymfKWNeP6UOEqeeRQTn37oMWw-fOWnxhn3_GULlbu_MRUswyBoCocsQAvD_BwE\"> <\/a><span class=\"uagb-icon-list__source-wrap\"><svg xmlns=\"https:\/\/www.w3.org\/2000\/svg\" viewbox=\"0 0 512 512\"><path d=\"M502.6 278.6l-96 96C400.4 380.9 392.2 384 384 384s-16.38-3.125-22.62-9.375c-12.5-12.5-12.5-32.75 0-45.25L402.8 288h-293.5l41.38 41.38c12.5 12.5 12.5 32.75 0 45.25C144.4 380.9 136.2 384 128 384s-16.38-3.125-22.62-9.375l-96-96c-12.5-12.5-12.5-32.75 0-45.25l96-96c12.5-12.5 32.75-12.5 45.25 0s12.5 32.75 0 45.25L109.3 224h293.5l-41.38-41.38c-12.5-12.5-12.5-32.75 0-45.25s32.75-12.5 45.25 0l96 96C515.1 245.9 515.1 266.1 502.6 278.6z\"><\/path><\/svg><\/span><span class=\"uagb-icon-list__label\">Duration of the tour: approx. 1 - 2 hours<\/span><\/div>\n\n\n\n<div class=\"wp-block-uagb-icon-list-child uagb-block-ce480038\"><a target=\"_blank\" aria-label=\"Refreshments: caf\u00e9s and restaurants in the village\" rel=\"noopener noreferrer\" href=\"https:\/\/www.teinachtal.de\/orte-im-teinachtal\/bad-teinach-zavelstein\/zavelsteiner-krokusbluete\/?etcc_med=SEA&amp;etcc_par=Google&amp;etcc_cmp=WANDERWELTEN&amp;etcc_grp=172801292126&amp;etcc_bky=krokus%20bl%C3%BCte&amp;etcc_mty=b&amp;etcc_plc=&amp;etcc_ctv=730761795261&amp;etcc_bde=c&amp;etcc_var=CjwKCAiAtq_NBhA_EiwA78nNWMqnpymfKWNeP6UOEqeeRQTn37oMWw-fOWnxhn3_GULlbu_MRUswyBoCocsQAvD_BwE&amp;gad_source=1&amp;gad_campaignid=21099064779&amp;gbraid=0AAAAA9aoWtmEs7fgyDqs_G7zLEq1lCqfS&amp;gclid=CjwKCAiAtq_NBhA_EiwA78nNWMqnpymfKWNeP6UOEqeeRQTn37oMWw-fOWnxhn3_GULlbu_MRUswyBoCocsQAvD_BwE\"> <\/a><span class=\"uagb-icon-list__source-wrap\"><svg xmlns=\"https:\/\/www.w3.org\/2000\/svg\" viewbox=\"0 0 640 512\"><path d=\"M512 32H120c-13.25 0-24 10.75-24 24L96.01 288c0 53 43 96 96 96h192C437 384 480 341 480 288h32c70.63 0 128-57.38 128-128S582.6 32 512 32zM512 224h-32V96h32c35.25 0 64 28.75 64 64S547.3 224 512 224zM560 416h-544C7.164 416 0 423.2 0 432C0 458.5 21.49 480 48 480h480c26.51 0 48-21.49 48-48C576 423.2 568.8 416 560 416z\"><\/path><\/svg><\/span><span class=\"uagb-icon-list__label\">Refreshments: caf\u00e9s and restaurants in the village<\/span><\/div>\n\n\n\n<div class=\"wp-block-uagb-icon-list-child uagb-block-021bff5b\"><a target=\"_blank\" aria-label=\"Parking: Forest parking lot at the Zavelstein hiking home (free of charge); other parking lots around the village\" rel=\"noopener noreferrer\" href=\"https:\/\/www.teinachtal.de\/orte-im-teinachtal\/bad-teinach-zavelstein\/zavelsteiner-krokusbluete\/?etcc_med=SEA&amp;etcc_par=Google&amp;etcc_cmp=WANDERWELTEN&amp;etcc_grp=172801292126&amp;etcc_bky=krokus%20bl%C3%BCte&amp;etcc_mty=b&amp;etcc_plc=&amp;etcc_ctv=730761795261&amp;etcc_bde=c&amp;etcc_var=CjwKCAiAtq_NBhA_EiwA78nNWMqnpymfKWNeP6UOEqeeRQTn37oMWw-fOWnxhn3_GULlbu_MRUswyBoCocsQAvD_BwE&amp;gad_source=1&amp;gad_campaignid=21099064779&amp;gbraid=0AAAAA9aoWtmEs7fgyDqs_G7zLEq1lCqfS&amp;gclid=CjwKCAiAtq_NBhA_EiwA78nNWMqnpymfKWNeP6UOEqeeRQTn37oMWw-fOWnxhn3_GULlbu_MRUswyBoCocsQAvD_BwE\"> <\/a><span class=\"uagb-icon-list__source-wrap\"><svg xmlns=\"https:\/\/www.w3.org\/2000\/svg\" viewbox=\"0 0 640 512\"><path d=\"M640 320V368C640 385.7 625.7 400 608 400H574.7C567.1 445.4 527.6 480 480 480C432.4 480 392.9 445.4 385.3 400H254.7C247.1 445.4 207.6 480 160 480C112.4 480 72.94 445.4 65.33 400H32C14.33 400 0 385.7 0 368V256C0 228.9 16.81 205.8 40.56 196.4L82.2 92.35C96.78 55.9 132.1 32 171.3 32H353.2C382.4 32 409.1 45.26 428.2 68.03L528.2 193C591.2 200.1 640 254.8 640 319.1V320zM171.3 96C158.2 96 146.5 103.1 141.6 116.1L111.3 192H224V96H171.3zM272 192H445.4L378.2 108C372.2 100.4 362.1 96 353.2 96H272V192zM525.3 400C527 394.1 528 389.6 528 384C528 357.5 506.5 336 480 336C453.5 336 432 357.5 432 384C432 389.6 432.1 394.1 434.7 400C441.3 418.6 459.1 432 480 432C500.9 432 518.7 418.6 525.3 400zM205.3 400C207 394.1 208 389.6 208 384C208 357.5 186.5 336 160 336C133.5 336 112 357.5 112 384C112 389.6 112.1 394.1 114.7 400C121.3 418.6 139.1 432 160 432C180.9 432 198.7 418.6 205.3 400z\"><\/path><\/svg><\/span><span class=\"uagb-icon-list__label\">Parking: Forest parking lot at the Zavelstein hiking home (free of charge); other parking lots around the village<\/span><\/div>\n\n\n\n<div class=\"wp-block-uagb-icon-list-child uagb-block-b312eecd\"><a target=\"_blank\" aria-label=\"Crocus blossom Bad Teinach-Zavelstein\" rel=\"noopener noreferrer\" href=\"https:\/\/www.teinachtal.de\/orte-im-teinachtal\/bad-teinach-zavelstein\/zavelsteiner-krokusbluete\/\"> <\/a><span class=\"uagb-icon-list__source-wrap\"><svg xmlns=\"https:\/\/www.w3.org\/2000\/svg\" viewbox=\"0 0 192 512\"><path d=\"M160 448h-32V224c0-17.69-14.33-32-32-32L32 192c-17.67 0-32 14.31-32 32s14.33 31.1 32 31.1h32v192H32c-17.67 0-32 14.31-32 32s14.33 32 32 32h128c17.67 0 32-14.31 32-32S177.7 448 160 448zM96 128c26.51 0 48-21.49 48-48S122.5 32.01 96 32.01s-48 21.49-48 48S69.49 128 96 128z\"><\/path><\/svg><\/span><span class=\"uagb-icon-list__label\"><strong>Crocus blossom Bad Teinach-Zavelstein<\/strong><\/span><\/div>\n<\/div><\/div>\n<\/div>\n<\/div>\n\n\n\n<div style=\"height:50px\" aria-hidden=\"true\" class=\"wp-block-spacer\"><\/div>\n\n\n\n<div class=\"wp-block-uagb-inline-notice uagb-inline_notice__align-left uagb-block-afc75e0c\"><button class=\"uagb-notice-close-button\" type=\"button\" aria-label=\"Close\"><\/button><span class=\"uagb-notice-title\"><em>This article contains advertising links with my recommendations (affiliate links), which are marked with an asterisk*. If you book or purchase through one of these links, I receive a small commission that helps support my work. There is no extra cost for you. Thank you very much!<\/em><\/span><div class=\"uagb-notice-text\"><\/div><\/div>\n\n\n\n<h2 class=\"wp-block-heading\">Walking Route to the Crocus Bloom \u2013 My Walk Through Zavelstein<\/h2>\n\n\n\n<p>During the crocus bloom, the parking lots around Zavelstein fill up quickly. If you arrive on a weekday before noon, you should have no problem finding a parking space. <strong>Try to avoid weekends if possible. Many locals like to visit the crocus bloom in March \u2013 on Saturdays and Sundays it becomes extremely crowded.<\/strong> I usually park at the <strong>forest parking lot opposite the Wanderheim Zavelstein.<\/strong>\u00a0From here you are right next to the crocus meadows and can stop at the beautiful beer garden at the beginning or end of your walk<\/p>\n\n\n\n<p>The walk itself is about 3.5 kilometers (2.2 miles) long and can be completed quickly. However, there are many beautiful photo opportunities in the crocus meadows and in the historic town, so you should allow at least two hours \u2013 longer if you plan to stop for coffee.\n\nIf you enjoy hiking, you will also find excellent trails around Zavelstein. One example is the Water, Forest and Meadow Trail (Wasser-, Wald- und Wiesenpfad), a 14.1 km (8.8-mile) premium hiking trail that leads through the picturesque R\u00f6telbach Valley to the half-timbered town of Calw, the birthplace of Nobel Prize-winning author Hermann Hesse. In that case, you should plan a full day.<\/p>\n\n\n\n<div style=\"height:50px\" aria-hidden=\"true\" class=\"wp-block-spacer\"><\/div>\n\n\n\n<iframe src=\"https:\/\/www.google.com\/maps\/d\/embed?mid=1nwBr4gC3t51jXzaHe7K8j0c45PUaKL4&#038;ehbc=2E312F\" width=\"100%\" \nheight=\"640\" \nstyle=\"border:0; display:block; margin:0 auto; max-width:900px;\" \nloading=\"lazy\">\n<\/iframe>\n\n\n\n<h2 class=\"wp-block-heading\">Starting at the Forest Parking Lot \u2013 First View of the Crocus Meadows<\/h2>\n\n\n\n<p>The forest parking lot opposite the Wanderheim Zavelstein is ideal. From here you can immediately access one of the popular hiking trails.\n\nAt the Wanderheim beer garden you can enjoy a meal or a drink before or after your walk \u2013 and restrooms are available as well. During crocus season, you are also right next to the main attraction: the surrounding meadows glow with thousands of purple flowers.<\/p>\n\n\n\n<div style=\"height:50px\" aria-hidden=\"true\" class=\"wp-block-spacer\"><\/div>\n\n\n\n<div class=\"wp-block-uagb-image uagb-block-34ae1c64 wp-block-uagb-image--layout-default wp-block-uagb-image--effect-static wp-block-uagb-image--align-none\"><figure class=\"wp-block-uagb-image__figure\"><img decoding=\"async\" srcset=\"https:\/\/angiestravelroutes.com\/wp-content\/uploads\/zavelstein-wanderheim.jpg ,https:\/\/angiestravelroutes.com\/wp-content\/uploads\/zavelstein-wanderheim.jpg 780w, https:\/\/angiestravelroutes.com\/wp-content\/uploads\/zavelstein-wanderheim.jpg 360w\" sizes=\"(max-width: 480px) 150px\" src=\"https:\/\/angiestravelroutes.com\/wp-content\/uploads\/zavelstein-wanderheim.jpg\" alt=\"Wanderheim Zavelstein\" class=\"uag-image-18057\" width=\"1080\" height=\"675\" title=\"zavelstein-hiking home\" loading=\"lazy\" role=\"img\"\/><\/figure><\/div>\n\n\n\n<h2 class=\"wp-block-heading\">The Crocus Bloom in Zavelstein \u2013 A Purple Sea of Spring Flowers<\/h2>\n\n\n\n<p>Every March, thousands of purple crocuses spread across the meadows around Zavelstein\u2019s small historic town center. This natural spectacle attracts visitors from across Germany and beyond each spring.<\/p>\n\n\n\n<p>Crocuses are actually native to the Mediterranean region. Several legends surround the question of how the Zavelstein crocuses first arrived here. The most likely explanation is that Benjamin Buwinghausen von Wallmerode, lord of the castle, brought some crocus bulbs back from a trip abroad around 1620 for his castle gardens.\n\nTraditional farming around Zavelstein likely helped the plants spread over time through livestock fodder and manure. <\/p>\n\n\n\n<div style=\"height:50px\" aria-hidden=\"true\" class=\"wp-block-spacer\"><\/div>\n\n\n\n<div class=\"wp-block-uagb-container uagb-layout-flex uagb-block-2ee2388e alignwide uagb-is-root-container\">\n<p class=\"has-medium-font-size\" style=\"font-style:normal;font-weight:700\"><strong>When Do the Crocuses Bloom in Zavelstein?<\/strong><br><\/p>\n\n\n\n<p>For more than 50 years, the <strong>crocus bloom in Bad Teinach-Zavelstein<\/strong> is one of the best-known spring events in the northern Black Forest and even the whole of Germany. It usually begins at the beginning of March and reaches its peak in mid-March. However, depending on the weather, the timing can be delayed by one to two weeks. The blossom is particularly beautiful on sunny days when the purple flowers fully open. <\/p>\n\n\n\n<p>\ud83d\udca1 <strong>\ud83d\udca1Tip:<\/strong> The exact time of crocus flowering can vary slightly each year. You can find up-to-date information on the flowering stage on the <strong><a href=\"https:\/\/www.teinachtal.de\/orte-im-teinachtal\/bad-teinach-zavelstein\/zavelsteiner-krokusbluete\/\" target=\"_blank\" rel=\"noopener\">Teinachtal tourism website<\/a><\/strong>.<\/p>\n\n\n\n<p class=\"has-medium-font-size\"><strong>Where are the Crocus Fields in Zavelstein?<\/strong><\/p>\n\n\n\n<p>Most of the crocus meadows are located on the slopes around the small town of Zavelstein. The largest fields are located along Fronwaldstra\u00dfe, Spinnerin-Kreuz-Weg, Stauferstra\u00dfe, Krokusstra\u00dfe and Spe\u00dfhardter Stra\u00dfe and can be easily reached on foot from the old town. <br><br><strong>Extra Tip: <\/strong>When you reach Fronwaldstra\u00dfe again at the end of your walk via Spinnerin-Kreuz-Weg, cross the street and walk a short distance into the forest (following the Water, Forest and Meadow Trail markings). After just a few steps you will reach a beautiful crocus meadow on a forest clearing, framed by tall Black Forest fir trees.<\/p>\n<\/div>\n\n\n\n<div style=\"height:50px\" aria-hidden=\"true\" class=\"wp-block-spacer\"><\/div>\n\n\n\n<div class=\"wp-block-uagb-image aligncenter uagb-block-f41d21db wp-block-uagb-image--layout-default wp-block-uagb-image--effect-static wp-block-uagb-image--align-center\"><figure class=\"wp-block-uagb-image__figure\"><img decoding=\"async\" srcset=\"https:\/\/angiestravelroutes.com\/wp-content\/uploads\/zavelstein-krokusbluete-3.jpg ,https:\/\/angiestravelroutes.com\/wp-content\/uploads\/zavelstein-krokusbluete-3.jpg 780w, https:\/\/angiestravelroutes.com\/wp-content\/uploads\/zavelstein-krokusbluete-3.jpg 360w\" sizes=\"(max-width: 480px) 150px\" src=\"https:\/\/angiestravelroutes.com\/wp-content\/uploads\/zavelstein-krokusbluete-3.jpg\" alt=\"Crocus meadows near Zavelstein, in the background the small town and the Black Forest hills\" class=\"uag-image-18035\" width=\"1080\" height=\"675\" title=\"zavelstein-crocus-flower-3\" loading=\"lazy\" role=\"img\"\/><\/figure><\/div>\n\n\n\n<div style=\"height:7px\" aria-hidden=\"true\" class=\"wp-block-spacer\"><\/div>\n\n\n\n<figure class=\"wp-block-gallery has-nested-images columns-default is-cropped wp-block-gallery-2 is-layout-flex wp-block-gallery-is-layout-flex\">\n<figure class=\"wp-block-image size-large\"><img decoding=\"async\" width=\"1080\" height=\"675\" data-id=\"18040\" src=\"https:\/\/angiestravelroutes.com\/wp-content\/uploads\/zavelstein-krokusbluete-2.jpg\" alt=\"Crocus blossom in a meadow of fruit trees near Zavelstein.\" class=\"wp-image-18040\" srcset=\"https:\/\/angiestravelroutes.com\/wp-content\/uploads\/zavelstein-krokusbluete-2.jpg 1080w, https:\/\/angiestravelroutes.com\/wp-content\/uploads\/zavelstein-krokusbluete-2-980x613.jpg 980w, https:\/\/angiestravelroutes.com\/wp-content\/uploads\/zavelstein-krokusbluete-2-480x300.jpg 480w\" sizes=\"(min-width: 0px) and (max-width: 480px) 480px, (min-width: 481px) and (max-width: 980px) 980px, (min-width: 981px) 1080px, 100vw\" \/><\/figure>\n\n\n\n<figure class=\"wp-block-image size-large\"><img decoding=\"async\" width=\"1080\" height=\"675\" data-id=\"18036\" src=\"https:\/\/angiestravelroutes.com\/wp-content\/uploads\/zavelstein-krokusbluete-4.jpg\" alt=\"Crocuses in bloom near Zavelstein - close-up\" class=\"wp-image-18036\" srcset=\"https:\/\/angiestravelroutes.com\/wp-content\/uploads\/zavelstein-krokusbluete-4.jpg 1080w, https:\/\/angiestravelroutes.com\/wp-content\/uploads\/zavelstein-krokusbluete-4-980x613.jpg 980w, https:\/\/angiestravelroutes.com\/wp-content\/uploads\/zavelstein-krokusbluete-4-480x300.jpg 480w\" sizes=\"(min-width: 0px) and (max-width: 480px) 480px, (min-width: 481px) and (max-width: 980px) 980px, (min-width: 981px) 1080px, 100vw\" \/><\/figure>\n<\/figure>\n\n\n\n<div style=\"height:10px\" aria-hidden=\"true\" class=\"wp-block-spacer\"><\/div>\n\n\n\n<div class=\"wp-block-uagb-image uagb-block-f673752f wp-block-uagb-image--layout-default wp-block-uagb-image--effect-static wp-block-uagb-image--align-none\"><figure class=\"wp-block-uagb-image__figure\"><img decoding=\"async\" srcset=\"https:\/\/angiestravelroutes.com\/wp-content\/uploads\/zavelstein-krokusbluete-7.jpg ,https:\/\/angiestravelroutes.com\/wp-content\/uploads\/zavelstein-krokusbluete-7.jpg 780w, https:\/\/angiestravelroutes.com\/wp-content\/uploads\/zavelstein-krokusbluete-7.jpg 360w\" sizes=\"(max-width: 480px) 150px\" src=\"https:\/\/angiestravelroutes.com\/wp-content\/uploads\/zavelstein-krokusbluete-7.jpg\" alt=\"Zavelstein crocus blossom - Crocus meadow in the forest\" class=\"uag-image-18039\" width=\"1080\" height=\"675\" title=\"zavelstein-crocus-flower-7\" loading=\"lazy\" role=\"img\"\/><\/figure><\/div>\n\n\n\n<h2 class=\"wp-block-heading\">Half-Timbered Houses in the \u201cSt\u00e4dtle\u201d \u2013 Walking Through the Historic Town<\/h2>\n\n\n\n<p>If you enter Zavelstein via Krokusstra\u00dfe, you will pass the Altes Waagh\u00e4usle and soon reach the market square. Along the way you will also see several historic fountains.\n\nCross Teinacher Stra\u00dfe at the pedestrian crossing and you will arrive directly in the old town, which consists of just one street \u2013 appropriately named \u201cIm St\u00e4dtle.\u201d<\/p>\n\n\n\n<p>Here you will find several beautiful half-timbered houses, including the <strong>Alte Schmiede (Old Forge)<\/strong>. The local heritage group of the Black Forest Association has recreated a historic blacksmith workshop here. It can be visited free of charge (donations are appreciated).<\/p>\n\n\n\n<p>Also very picturesque are the <strong>Old Defense Tower (Alter Wehrturm)<\/strong> and <strong>St. George's Church<\/strong>. The <strong>local history museum<\/strong> is located in the former school and town hall building. Among other things, it displays historic toys as well as exhibits on crafts, everyday life, religion, and the importance of the forest for the region. The museum is usually <strong>open on Sundays and public holidays in the afternoon<\/strong>.<\/p>\n\n\n\n<div style=\"height:50px\" aria-hidden=\"true\" class=\"wp-block-spacer\"><\/div>\n\n\n\n<figure class=\"wp-block-gallery has-nested-images columns-default is-cropped wp-block-gallery-3 is-layout-flex wp-block-gallery-is-layout-flex\">\n<figure class=\"wp-block-image size-large\"><img decoding=\"async\" width=\"550\" height=\"800\" data-id=\"18048\" src=\"https:\/\/angiestravelroutes.com\/wp-content\/uploads\/zavelstein-wehrturm.jpg\" alt=\"Old defense tower in the historic old town &quot;Im St\u00e4dtle&quot; of Zavelstein\" class=\"wp-image-18048\" srcset=\"https:\/\/angiestravelroutes.com\/wp-content\/uploads\/zavelstein-wehrturm.jpg 550w, https:\/\/angiestravelroutes.com\/wp-content\/uploads\/zavelstein-wehrturm-480x698.jpg 480w\" sizes=\"(min-width: 0px) and (max-width: 480px) 480px, (min-width: 481px) 550px, 100vw\" \/><figcaption class=\"wp-element-caption\">Old defense tower <\/figcaption><\/figure>\n\n\n\n<figure class=\"wp-block-image size-large\"><img decoding=\"async\" width=\"550\" height=\"800\" data-id=\"18047\" src=\"https:\/\/angiestravelroutes.com\/wp-content\/uploads\/zavelstein-georgskirche.jpg\" alt=\"Church tower of St. George&#039;s Church in Bad Teinach-Zavelstein\" class=\"wp-image-18047\" srcset=\"https:\/\/angiestravelroutes.com\/wp-content\/uploads\/zavelstein-georgskirche.jpg 550w, https:\/\/angiestravelroutes.com\/wp-content\/uploads\/zavelstein-georgskirche-480x698.jpg 480w\" sizes=\"(min-width: 0px) and (max-width: 480px) 480px, (min-width: 481px) 550px, 100vw\" \/><figcaption class=\"wp-element-caption\">St. George's Church<\/figcaption><\/figure>\n<\/figure>\n\n\n\n<div style=\"height:10px\" aria-hidden=\"true\" class=\"wp-block-spacer\"><\/div>\n\n\n\n<div class=\"wp-block-uagb-image uagb-block-7b3bb1cb wp-block-uagb-image--layout-default wp-block-uagb-image--effect-static wp-block-uagb-image--align-none\"><figure class=\"wp-block-uagb-image__figure\"><img decoding=\"async\" srcset=\"https:\/\/angiestravelroutes.com\/wp-content\/uploads\/zavelstein-stadtmuseum.jpg ,https:\/\/angiestravelroutes.com\/wp-content\/uploads\/zavelstein-stadtmuseum.jpg 780w, https:\/\/angiestravelroutes.com\/wp-content\/uploads\/zavelstein-stadtmuseum.jpg 360w\" sizes=\"(max-width: 480px) 150px\" src=\"https:\/\/angiestravelroutes.com\/wp-content\/uploads\/zavelstein-stadtmuseum.jpg\" alt=\"Bad Teinach-Zavelstein local history museum in the former school and town hall\" class=\"uag-image-18054\" width=\"1080\" height=\"675\" title=\"zavelstein town museum\" loading=\"lazy\" role=\"img\"\/><figcaption class=\"uagb-image-caption\">Zavelstein local history museum in the former school and town hall<\/figcaption><\/figure><\/div>\n\n\n\n<h2 class=\"wp-block-heading\">Zavelstein Castle Ruins \u2013 Views over the Northern Black Forest<\/h2>\n\n\n\n<p>Above the half-timbered houses of the small town rises <strong>Zavelstein Castle<\/strong> \u2013 during your walk you will approach the ruins directly.<\/p>\n\n\n\n<p>The castle was probably built around <strong>1200 <\/strong>as a hilltop Staufer castle above the Teinach Valley. It was first mentioned in documents in 1303. It soon became part of the possessions of the <strong>Counts of W\u00fcrttemberg<\/strong>, who administered their territories in the northern Black Forest from here.<\/p>\n\n\n\n<p>A well-known episode in the castle\u2019s history occurred in <strong>1367<\/strong>, when <strong>Count Eberhard II of W\u00fcrttemberg (\u201cthe Quarrelsome\u201d) <\/strong>sought refuge here after narrowly escaping an attack in nearby Wildbad.<\/p>\n\n\n\n<p>In the early 17th century, <strong>Benjamin Buwinghausen from Wallmerode<\/strong> had the medieval castle converted into a <strong>Renaissance palace<\/strong>. During the <strong>Nine Years\u2019 War<\/strong> French troops destroyed large parts of the complex in 1692. Since then, Zavelstein has remained a ruin \u2013 and at the same time one of the most beautiful viewpoints in the Northern Black Forest.<\/p>\n\n\n\n<p>The <strong>bergfried (main tower)<\/strong> was the most important defensive tower of the castle in the Middle Ages. It served both as a final refuge during attacks and as a lookout tower from which the surrounding land could be monitored.\n\nToday you can climb the tower and enjoy views over the <strong>Teinach Valley and the Northern Black Forest<\/strong> .<\/p>\n\n\n\n<div style=\"height:50px\" aria-hidden=\"true\" class=\"wp-block-spacer\"><\/div>\n\n\n\n<div class=\"wp-block-uagb-image uagb-block-8f0dd63f wp-block-uagb-image--layout-default wp-block-uagb-image--effect-static wp-block-uagb-image--align-none\"><figure class=\"wp-block-uagb-image__figure\"><img decoding=\"async\" srcset=\"https:\/\/angiestravelroutes.com\/wp-content\/uploads\/zavelstein-bergfried-ausblick-staedtle.jpg ,https:\/\/angiestravelroutes.com\/wp-content\/uploads\/zavelstein-bergfried-ausblick-staedtle.jpg 780w, https:\/\/angiestravelroutes.com\/wp-content\/uploads\/zavelstein-bergfried-ausblick-staedtle.jpg 360w\" sizes=\"(max-width: 480px) 150px\" src=\"https:\/\/angiestravelroutes.com\/wp-content\/uploads\/zavelstein-bergfried-ausblick-staedtle.jpg\" alt=\"Zavelstein castle ruins - view from the keep over the village of Zavelstein and the Black Forest\" class=\"uag-image-18049\" width=\"1080\" height=\"675\" title=\"zavelstein-bergfried-ausblick-staedtle\" loading=\"lazy\" role=\"img\"\/><\/figure><\/div>\n\n\n\n<div style=\"height:10px\" aria-hidden=\"true\" class=\"wp-block-spacer\"><\/div>\n\n\n\n<figure class=\"wp-block-gallery has-nested-images columns-default is-cropped wp-block-gallery-4 is-layout-flex wp-block-gallery-is-layout-flex\">\n<figure class=\"wp-block-image size-large\"><img decoding=\"async\" width=\"550\" height=\"800\" data-id=\"18044\" src=\"https:\/\/angiestravelroutes.com\/wp-content\/uploads\/burg-zavelstein-bergfried-2.jpg\" alt=\"Zavelstein castle ruins keep\" class=\"wp-image-18044\" srcset=\"https:\/\/angiestravelroutes.com\/wp-content\/uploads\/burg-zavelstein-bergfried-2.jpg 550w, https:\/\/angiestravelroutes.com\/wp-content\/uploads\/burg-zavelstein-bergfried-2-480x698.jpg 480w\" sizes=\"(min-width: 0px) and (max-width: 480px) 480px, (min-width: 481px) 550px, 100vw\" \/><\/figure>\n\n\n\n<figure class=\"wp-block-image size-large\"><img decoding=\"async\" width=\"550\" height=\"800\" data-id=\"18043\" src=\"https:\/\/angiestravelroutes.com\/wp-content\/uploads\/zavelstein-burg-torbogen.jpg\" alt=\"Zavelstein castle ruins - view of parts of the ruins through an archway\" class=\"wp-image-18043\" srcset=\"https:\/\/angiestravelroutes.com\/wp-content\/uploads\/zavelstein-burg-torbogen.jpg 550w, https:\/\/angiestravelroutes.com\/wp-content\/uploads\/zavelstein-burg-torbogen-480x698.jpg 480w\" sizes=\"(min-width: 0px) and (max-width: 480px) 480px, (min-width: 481px) 550px, 100vw\" \/><\/figure>\n<\/figure>\n\n\n\n<div style=\"height:10px\" aria-hidden=\"true\" class=\"wp-block-spacer\"><\/div>\n\n\n\n<div class=\"wp-block-uagb-image uagb-block-526bae63 wp-block-uagb-image--layout-default wp-block-uagb-image--effect-static wp-block-uagb-image--align-none\"><figure class=\"wp-block-uagb-image__figure\"><img decoding=\"async\" srcset=\"https:\/\/angiestravelroutes.com\/wp-content\/uploads\/zavelstein-bergfried-ausblick-schwarzwald.jpg ,https:\/\/angiestravelroutes.com\/wp-content\/uploads\/zavelstein-bergfried-ausblick-schwarzwald.jpg 780w, https:\/\/angiestravelroutes.com\/wp-content\/uploads\/zavelstein-bergfried-ausblick-schwarzwald.jpg 360w\" sizes=\"(max-width: 480px) 150px\" src=\"https:\/\/angiestravelroutes.com\/wp-content\/uploads\/zavelstein-bergfried-ausblick-schwarzwald.jpg\" alt=\"Zavelstein castle ruins - view of the Black Forest from the keep\" class=\"uag-image-18050\" width=\"1080\" height=\"675\" title=\"zavelstein-bergfried-view-black-forest\" loading=\"lazy\" role=\"img\"\/><\/figure><\/div>\n\n\n\n<h2 class=\"wp-block-heading\">Where to Eat in Zavelstein \u2013 Caf\u00e9s and Restaurants in Town<\/h2>\n\n\n\n<p>The small town of Zavelstein even has a <strong>Michelin-starred restaurant<\/strong>: the restaurant<strong> Berlins Krone<\/strong>. Chef <strong>Franz Berlin<\/strong> combines regional tradition with international influences in his cuisine. The Berlin family also runs the <strong>Wanderheim Zavelstein<\/strong> - There, too, you can expect good food and a relaxed atmosphere in a beautiful natural setting.<\/p>\n\n\n\n<p>There are also two very charming caf\u00e9s in Zavelstein. I have already visited <strong>Caf\u00e9 Zavel<\/strong> twice \u2013 the delicious cakes quickly made me come back for more. The small caf\u00e9 is located directly on the market square and has a terrace facing the street. Inside, it is cozy and welcoming, and the selection of homemade cakes is surprisingly large for such a small caf\u00e9.<\/p>\n\n\n\n<p>In the historic street \u201cIm St\u00e4dtle,\u201d <strong>anna\u2019s Caf\u00e9 im Alten Haus<\/strong> catches the eye. The lovingly restored half-timbered house with its cozy terrace is an eye-catcher even from the outside. Anna and her team serve cakes and tarts as well as homemade ice cream and delicious sourdough toast. A special highlight is the gourmet breakfast on Fridays and Saturdays, which is only available by reservation.<\/p>\n\n\n\n<h2 class=\"wp-block-heading\">Wellness Weekend in the Northern Black Forest \u2013 Staying in Bad Teinach<\/h2>\n\n\n\n<p>If you don\u2019t want to experience the crocus bloom only as a short excursion, you can easily combine your visit with a <strong>wellness weekend in the Teinach Valley.<\/strong> There are several beautiful wellness hotels in Bad Teinach. One of the best known is the <strong>Wellness Hotel Kronelamm<\/strong> directly in Zavelstein, which is famous for its excellent cuisine and its large spa area.<\/p>\n\n\n\n<p>Another beautiful option is the <strong>Hotel Therme Bad Teinach<\/strong>, located only a few minutes from Zavelstein. The hotel is directly connected to the <strong>Bad Teinach Mineral Spa,<\/strong> allowing you to relax in warm thermal water after your walk through the crocus meadows. This combination is especially appealing in spring: first a walk through the blooming crocus meadows around Zavelstein \u2013 and afterwards a relaxing afternoon at the spa. <\/p>\n\n\n\n<p>If you would like to plan your stay, you can check <strong><a href=\"https:\/\/expedia.com\/affiliates\/bad-teinach-zavelstein-hotels-hotel-therme-bad-teinach.y6AzaAq\" data-type=\"link\" data-id=\"https:\/\/expedia.com\/affiliates\/bad-teinach-zavelstein-hotels-hotel-therme-bad-teinach.y6AzaAq\" target=\"_blank\" rel=\"noreferrer noopener sponsored\">current prices and availability for the Hotel Therme Bad Teinach<\/a>* <\/strong>here:<\/p>\n\n\n\n<div class=\"wp-block-uagb-buttons uagb-buttons__outer-wrap uagb-btn__default-btn uagb-btn-tablet__default-btn uagb-btn-mobile__default-btn uagb-block-87ab8cc9\"><div class=\"uagb-buttons__wrap uagb-buttons-layout-wrap\">\n<div class=\"wp-block-uagb-buttons-child uagb-buttons__outer-wrap uagb-block-54707100 wp-block-button\"><div class=\"uagb-button__wrapper\"><a class=\"uagb-buttons-repeater wp-block-button__link\" aria-label=\"\" href=\"https:\/\/expedia.com\/affiliates\/bad-teinach-zavelstein-hotels-hotel-therme-bad-teinach.DUf9K7V\" rel=\"nofollow noopener\" target=\"_blank\" role=\"button\"><div class=\"uagb-button__link\">Check availability at Hotel Therme Bad Teinach*<\/div><\/a><\/div><\/div>\n<\/div><\/div>\n\n\n\n<h2 class=\"wp-block-heading\"><strong>Conclusion: Crocus Bloom in Zavelstein \u2013 A Special Spring Excursion in the Northern Black Forest<\/strong><\/h2>\n\n\n\n<p>The crocus bloom in Zavelstein is one of the most beautiful spring events in the Northern Black Forest.\n\nWhat makes it especially appealing is the combination of purple crocus meadows, the charming half-timbered town, and the castle ruins with their sweeping views over the Teinach Valley.\n\nFor a short trip in March, a visit is definitely worthwhile \u2013 ideally on a weekday or later in the afternoon, when it becomes quieter again and the softer light makes the crocuses glow even more intensely.<\/p>\n\n\n\n<div style=\"height:50px\" aria-hidden=\"true\" class=\"wp-block-spacer\"><\/div>\n\n\n\n<div class=\"wp-block-uagb-container uagb-layout-grid uagb-block-61b32630 alignwide uagb-is-root-container\">\n<p class=\"has-medium-font-size\" style=\"font-style:normal;font-weight:700\"><strong><strong>Tip for Planning Your Trip<\/strong><\/strong><\/p>\n\n\n\n<p>The crocus bloom in Zavelstein can easily be integrated into a Black Forest road trip - for example into my <strong><a href=\"https:\/\/angiestravelroutes.com\/en\/black-forest-road-trip\/\">Road trip Black Forest &amp; Lake Constance<\/a><\/strong>. The route leads through several particularly beautiful places in the northern Black Forest.<\/p>\n<\/div>\n\n\n\n<div style=\"height:50px\" aria-hidden=\"true\" class=\"wp-block-spacer\"><\/div>\n  <div class=\"related-post grid\">\r\n        <div class=\"headline\">These posts might also be interesting for you:<\/div>\r\n    <div class=\"post-list\">\r\n\r\n            <div class=\"item\">\r\n          \r\n  <a class=\"title post_title\" title=\"12 of 12 in October 2024: Altensteig - Insider Tip on the German Half-Timbered Road\" href=\"https:\/\/angiestravelroutes.com\/en\/altensteig-sehenswuerdigkeiten\/\">\r\n        12 of 12 in October 2024: Altensteig - Insider Tip on the German Half-Timbered Road  <\/a>\r\n\r\n  <div class=\"thumb post_thumb\">\r\n    <a title=\"12 of 12 in October 2024: Altensteig - Insider Tip on the German Half-Timbered Road\" href=\"https:\/\/angiestravelroutes.com\/en\/altensteig-sehenswuerdigkeiten\/\">\r\n\r\n      <img decoding=\"async\" width=\"1920\" height=\"1280\" src=\"https:\/\/angiestravelroutes.com\/wp-content\/uploads\/bb-altensteig-panorama.jpg\" class=\"attachment-full size-full wp-post-image\" alt=\"Featured photo Altensteig Panorama - angiestravelroutes.com\" srcset=\"https:\/\/angiestravelroutes.com\/wp-content\/uploads\/bb-altensteig-panorama.jpg 1920w, https:\/\/angiestravelroutes.com\/wp-content\/uploads\/bb-altensteig-panorama-1280x853.jpg 1280w, https:\/\/angiestravelroutes.com\/wp-content\/uploads\/bb-altensteig-panorama-980x653.jpg 980w, https:\/\/angiestravelroutes.com\/wp-content\/uploads\/bb-altensteig-panorama-480x320.jpg 480w\" sizes=\"(min-width: 0px) and (max-width: 480px) 480px, (min-width: 481px) and (max-width: 980px) 980px, (min-width: 981px) and (max-width: 1280px) 1280px, (min-width: 1281px) 1920px, 100vw\" \/>\r\n\r\n    <\/a>\r\n  <\/div>\r\n  <p class=\"excerpt post_excerpt\">\r\n    The weather is good again for today's 12 out of 12. The forecast is for a pleasant 15 to 18 degrees. Me <a class=\"read-more\" href=\"https:\/\/angiestravelroutes.com\/en\/altensteig-sehenswuerdigkeiten\/\"> read more<\/a>  <\/p>\r\n        <\/div>\r\n              <div class=\"item\">\r\n          \r\n  <a class=\"title post_title\" title=\"T\u00fcbingen - Old Town Tour Through the City of Poets and Thinkers\" href=\"https:\/\/angiestravelroutes.com\/en\/12von12-tuebingen-sehenswuerdigkeiten\/\">\r\n        T\u00fcbingen - Old Town Tour Through the City of Poets and Thinkers  <\/a>\r\n\r\n  <div class=\"thumb post_thumb\">\r\n    <a title=\"T\u00fcbingen - Old Town Tour Through the City of Poets and Thinkers\" href=\"https:\/\/angiestravelroutes.com\/en\/12von12-tuebingen-sehenswuerdigkeiten\/\">\r\n\r\n      <img decoding=\"async\" width=\"1920\" height=\"1280\" src=\"https:\/\/angiestravelroutes.com\/wp-content\/uploads\/bb-12von12-juli24-tuebingen-altstadt-stocherkaehne.jpg\" class=\"attachment-full size-full wp-post-image\" alt=\"T\u00fcbingen, Neckarfront - View from the Neckar island\/Platanenallee to the punt landing stage H\u00f6lderlin-Turm with large weeping willow behind the barges and the old town panorama, on the left in the picture the yellow H\u00f6lderlin-Turm - angiestravelroutes.com\" srcset=\"https:\/\/angiestravelroutes.com\/wp-content\/uploads\/bb-12von12-juli24-tuebingen-altstadt-stocherkaehne.jpg 1920w, https:\/\/angiestravelroutes.com\/wp-content\/uploads\/bb-12von12-juli24-tuebingen-altstadt-stocherkaehne-1280x853.jpg 1280w, https:\/\/angiestravelroutes.com\/wp-content\/uploads\/bb-12von12-juli24-tuebingen-altstadt-stocherkaehne-980x653.jpg 980w, https:\/\/angiestravelroutes.com\/wp-content\/uploads\/bb-12von12-juli24-tuebingen-altstadt-stocherkaehne-480x320.jpg 480w\" sizes=\"(min-width: 0px) and (max-width: 480px) 480px, (min-width: 481px) and (max-width: 980px) 980px, (min-width: 981px) and (max-width: 1280px) 1280px, (min-width: 1281px) 1920px, 100vw\" \/>\r\n\r\n    <\/a>\r\n  <\/div>\r\n  <p class=\"excerpt post_excerpt\">\r\n    On this city tour through T\u00fcbingen, I will show you the most important sights of the old town, which is one of the most beautiful in Baden-W\u00fcrttemberg <a class=\"read-more\" href=\"https:\/\/angiestravelroutes.com\/en\/12von12-tuebingen-sehenswuerdigkeiten\/\"> read more<\/a>  <\/p>\r\n        <\/div>\r\n              <div class=\"item\">\r\n          \r\n  <a class=\"title post_title\" title=\"12 of 12 in June 2024: Weil der Stadt Sightseeing - Old Town Walking Tour\" href=\"https:\/\/angiestravelroutes.com\/en\/12von12-weil-der-stadt-sehenswuerdigkeiten\/\">\r\n        12 of 12 in June 2024: Weil der Stadt Sightseeing - Old Town Walking Tour  <\/a>\r\n\r\n  <div class=\"thumb post_thumb\">\r\n    <a title=\"12 of 12 in June 2024: Weil der Stadt Sightseeing - Old Town Walking Tour\" href=\"https:\/\/angiestravelroutes.com\/en\/12von12-weil-der-stadt-sehenswuerdigkeiten\/\">\r\n\r\n      <img decoding=\"async\" width=\"1920\" height=\"1280\" src=\"https:\/\/angiestravelroutes.com\/wp-content\/uploads\/bb-12von12-weil-der-stadt-stadtmauer-storchenturm-angelika.jpg\" class=\"attachment-full size-full wp-post-image\" alt=\"Weil der Stadt, Baden-W\u00fcrttemberg: Angelika Klein with sunglasses and yellow sweater on the meadow in front of the city wall and the stork tower, on the stork tower is a stork in the nest - angiestravelroutes.com\" srcset=\"https:\/\/angiestravelroutes.com\/wp-content\/uploads\/bb-12von12-weil-der-stadt-stadtmauer-storchenturm-angelika.jpg 1920w, https:\/\/angiestravelroutes.com\/wp-content\/uploads\/bb-12von12-weil-der-stadt-stadtmauer-storchenturm-angelika-1280x853.jpg 1280w, https:\/\/angiestravelroutes.com\/wp-content\/uploads\/bb-12von12-weil-der-stadt-stadtmauer-storchenturm-angelika-980x653.jpg 980w, https:\/\/angiestravelroutes.com\/wp-content\/uploads\/bb-12von12-weil-der-stadt-stadtmauer-storchenturm-angelika-480x320.jpg 480w\" sizes=\"(min-width: 0px) and (max-width: 480px) 480px, (min-width: 481px) and (max-width: 980px) 980px, (min-width: 981px) and (max-width: 1280px) 1280px, (min-width: 1281px) 1920px, 100vw\" \/>\r\n\r\n    <\/a>\r\n  <\/div>\r\n  <p class=\"excerpt post_excerpt\">\r\n    For today's 12 out of 12, I'm setting off with my friend Jutta from northern Germany, who is still visiting me. <a class=\"read-more\" href=\"https:\/\/angiestravelroutes.com\/en\/12von12-weil-der-stadt-sehenswuerdigkeiten\/\"> read more<\/a>  <\/p>\r\n        <\/div>\r\n              <div class=\"item\">\r\n          \r\n  <a class=\"title post_title\" title=\"12 of 12 in April 2024: With the &quot;Deutschland-Ticket&quot; to Kirchheim unter Teck\" href=\"https:\/\/angiestravelroutes.com\/en\/12von12-april-2024-kirchheim-unter-teck\/\">\r\n        12 of 12 in April 2024: With the \"Deutschland-Ticket\" to Kirchheim unter Teck  <\/a>\r\n\r\n  <div class=\"thumb post_thumb\">\r\n    <a title=\"12 of 12 in April 2024: With the &quot;Deutschland-Ticket&quot; to Kirchheim unter Teck\" href=\"https:\/\/angiestravelroutes.com\/en\/12von12-april-2024-kirchheim-unter-teck\/\">\r\n\r\n      <img decoding=\"async\" width=\"1920\" height=\"1280\" src=\"https:\/\/angiestravelroutes.com\/wp-content\/uploads\/bb-rathaus-kirchheim.jpg\" class=\"attachment-full size-full wp-post-image\" alt=\"View from Kirchheim&#039;s Marktstra\u00dfe (pedestrian zone with stores and caf\u00e9s) of the half-timbered town hall with its curved tower dome - angiestravelroutes.com\" srcset=\"https:\/\/angiestravelroutes.com\/wp-content\/uploads\/bb-rathaus-kirchheim.jpg 1920w, https:\/\/angiestravelroutes.com\/wp-content\/uploads\/bb-rathaus-kirchheim-1280x853.jpg 1280w, https:\/\/angiestravelroutes.com\/wp-content\/uploads\/bb-rathaus-kirchheim-980x653.jpg 980w, https:\/\/angiestravelroutes.com\/wp-content\/uploads\/bb-rathaus-kirchheim-480x320.jpg 480w\" sizes=\"(min-width: 0px) and (max-width: 480px) 480px, (min-width: 481px) and (max-width: 980px) 980px, (min-width: 981px) and (max-width: 1280px) 1280px, (min-width: 1281px) 1920px, 100vw\" \/>\r\n\r\n    <\/a>\r\n  <\/div>\r\n  <p class=\"excerpt post_excerpt\">\r\n    For today's 12 out of 12, I decided to use my \u20ac49 ticket and take the S-Bahn to Kirchheim unter Teck <a class=\"read-more\" href=\"https:\/\/angiestravelroutes.com\/en\/12von12-april-2024-kirchheim-unter-teck\/\"> read more<\/a>  <\/p>\r\n        <\/div>\r\n      \r\n  <\/div>\r\n\r\n  <script>\r\n      <\/script>\r\n  <style>\r\n    .related-post {}\r\n\r\n    .related-post .post-list {\r\n      text-align: left;\r\n          }\r\n\r\n    .related-post .post-list .item {\r\n      margin: 10px;\r\n      padding: 0px;\r\n          }\r\n\r\n    .related-post .headline {\r\n      font-size: 20px !important;\r\n      color: #bc9c22 !important;\r\n          }\r\n\r\n    .related-post .post-list .item .post_title {\r\n      font-size: 16px;\r\n      color: #262829;\r\n      margin: 10px 0px;\r\n      padding: 0px;\r\n      display: block;\r\n      text-decoration: none;\r\n          }\r\n\r\n    .related-post .post-list .item .post_thumb {\r\n      max-height: 220px;\r\n      margin: 10px 0px;\r\n      padding: 0px;\r\n      display: block;\r\n          }\r\n\r\n    .related-post .post-list .item .post_excerpt {\r\n      font-size: 14px;\r\n      color: #262829;\r\n      margin: 10px 0px;\r\n      padding: 0px;\r\n      display: block;\r\n      text-decoration: none;\r\n          }\r\n\r\n    @media only screen and (min-width: 1024px) {\r\n      .related-post .post-list .item {\r\n        width: 45%;\r\n      }\r\n    }\r\n\r\n    @media only screen and (min-width: 768px) and (max-width: 1023px) {\r\n      .related-post .post-list .item {\r\n        width: 90%;\r\n      }\r\n    }\r\n\r\n    @media only screen and (min-width: 0px) and (max-width: 767px) {\r\n      .related-post .post-list .item {\r\n        width: 90%;\r\n      }\r\n    }\r\n\r\n      <\/style>\r\n    <\/div>","protected":false},"excerpt":{"rendered":"<p>Anfang M\u00e4rz verwandeln sich die Wiesen beim kleinen Schwarzwaldst\u00e4dtchen Zavelstein, einem Ortsteil von Bad Teinach, in ein violettes Bl\u00fctenmeer. Tausende wild wachsender Krokusse bedecken die Wiesen rund um die historische Altstadt und locken jedes Jahr im M\u00e4rz zahlreiche Besucher in den Nordschwarzwald. Ich war an einem sonnigen Fr\u00fchlingstag dort unterwegs und habe die Krokusbl\u00fcte mit [&hellip;]<\/p>\n  <div class=\"related-post grid\">\r\n        <div class=\"headline\">Diese Beitr\u00e4ge k\u00f6nnten dich auch interessieren:<\/div>\r\n    <div class=\"post-list \">\r\n\r\n            <div class=\"item\">\r\n          \r\n  <a class=\"title post_title\"  title=\"12 von 12 im Juni 203: Ein Tag in Neustadt in Holstein\" href=\"https:\/\/angiestravelroutes.com\/en\/12-von-12-mein-12-juni-2023\/\">\r\n        12 von 12 im Juni 203: Ein Tag in Neustadt in Holstein  <\/a>\r\n\r\n  <div class=\"thumb post_thumb\">\r\n    <a  title=\"12 von 12 im Juni 203: Ein Tag in Neustadt in Holstein\" href=\"https:\/\/angiestravelroutes.com\/en\/12-von-12-mein-12-juni-2023\/\">\r\n\r\n      <img width=\"1920\" height=\"1280\" src=\"https:\/\/angiestravelroutes.com\/wp-content\/uploads\/timmendorfer-strand-selfie-jutta-angelika.jpg\" class=\"attachment-full size-full wp-post-image\" alt=\"Timmendorfer Strand - Selfie Jutta und Angelika - angiestravelroutes.com\" decoding=\"async\" srcset=\"https:\/\/angiestravelroutes.com\/wp-content\/uploads\/timmendorfer-strand-selfie-jutta-angelika.jpg 1920w, https:\/\/angiestravelroutes.com\/wp-content\/uploads\/timmendorfer-strand-selfie-jutta-angelika-1280x853.jpg 1280w, https:\/\/angiestravelroutes.com\/wp-content\/uploads\/timmendorfer-strand-selfie-jutta-angelika-980x653.jpg 980w, https:\/\/angiestravelroutes.com\/wp-content\/uploads\/timmendorfer-strand-selfie-jutta-angelika-480x320.jpg 480w\" sizes=\"(min-width: 0px) and (max-width: 480px) 480px, (min-width: 481px) and (max-width: 980px) 980px, (min-width: 981px) and (max-width: 1280px) 1280px, (min-width: 1281px) 1920px, 100vw\" \/>\r\n\r\n    <\/a>\r\n  <\/div>\r\n  <p class=\"excerpt post_excerpt\">\r\n    Der 12. Juni ist f\u00fcr mich und meine Freundin Jutta der vorletzte Urlaubstag an der Ostsee. Mein Roadtrip von meinem <a class=\"read-more\" href=\"https:\/\/angiestravelroutes.com\/en\/12-von-12-mein-12-juni-2023\/\"> weiterlesen<\/a>  <\/p>\r\n        <\/div>\r\n              <div class=\"item\">\r\n          \r\n  <a class=\"title post_title\"  title=\"Monatsr\u00fcckblick Mai und Juni 2023: Einmal quer durch Deutschland\" href=\"https:\/\/angiestravelroutes.com\/en\/monatsrueckblick-mai-juni-2023\/\">\r\n        Monatsr\u00fcckblick Mai und Juni 2023: Einmal quer durch Deutschland  <\/a>\r\n\r\n  <div class=\"thumb post_thumb\">\r\n    <a  title=\"Monatsr\u00fcckblick Mai und Juni 2023: Einmal quer durch Deutschland\" href=\"https:\/\/angiestravelroutes.com\/en\/monatsrueckblick-mai-juni-2023\/\">\r\n\r\n      <img width=\"1920\" height=\"1280\" src=\"https:\/\/angiestravelroutes.com\/wp-content\/uploads\/timmendorfer-strand-jutta-angelika-2023.jpg\" class=\"attachment-full size-full wp-post-image\" alt=\"Timmendorfer Strand - auf der Seebr\u00fccke - Angelika und Jutta - angiestravelroutes.com\" decoding=\"async\" srcset=\"https:\/\/angiestravelroutes.com\/wp-content\/uploads\/timmendorfer-strand-jutta-angelika-2023.jpg 1920w, https:\/\/angiestravelroutes.com\/wp-content\/uploads\/timmendorfer-strand-jutta-angelika-2023-1280x853.jpg 1280w, https:\/\/angiestravelroutes.com\/wp-content\/uploads\/timmendorfer-strand-jutta-angelika-2023-980x653.jpg 980w, https:\/\/angiestravelroutes.com\/wp-content\/uploads\/timmendorfer-strand-jutta-angelika-2023-480x320.jpg 480w\" sizes=\"(min-width: 0px) and (max-width: 480px) 480px, (min-width: 481px) and (max-width: 980px) 980px, (min-width: 981px) and (max-width: 1280px) 1280px, (min-width: 1281px) 1920px, 100vw\" \/>\r\n\r\n    <\/a>\r\n  <\/div>\r\n  <p class=\"excerpt post_excerpt\">\r\n    Da ich im Mai und Juni in erster Linie unterwegs war - auf Ausfl\u00fcgen, Kurztrips und einer mehr als dreiw\u00f6chigen <a class=\"read-more\" href=\"https:\/\/angiestravelroutes.com\/en\/monatsrueckblick-mai-juni-2023\/\"> weiterlesen<\/a>  <\/p>\r\n        <\/div>\r\n              <div class=\"item\">\r\n          \r\n  <a class=\"title post_title\"  title=\"Weimar Sehensw\u00fcrdigkeiten &#8211; der komplette City Guide (mit Karte)\" href=\"https:\/\/angiestravelroutes.com\/en\/weimar-sehenswuerdigkeiten-tipps\/\">\r\n        Weimar Sehensw\u00fcrdigkeiten &#8211; der komplette City Guide (mit Karte)  <\/a>\r\n\r\n  <div class=\"thumb post_thumb\">\r\n    <a  title=\"Weimar Sehensw\u00fcrdigkeiten &#8211; der komplette City Guide (mit Karte)\" href=\"https:\/\/angiestravelroutes.com\/en\/weimar-sehenswuerdigkeiten-tipps\/\">\r\n\r\n      <img width=\"1920\" height=\"1280\" src=\"https:\/\/angiestravelroutes.com\/wp-content\/uploads\/weimar-goethe-schiller-denkmal-juni-2023-1.jpg\" class=\"attachment-full size-full wp-post-image\" alt=\"Theaterplatz Weimar - Goethe-Schiller-Denkmal - angiestravelroutes.com\" decoding=\"async\" srcset=\"https:\/\/angiestravelroutes.com\/wp-content\/uploads\/weimar-goethe-schiller-denkmal-juni-2023-1.jpg 1920w, https:\/\/angiestravelroutes.com\/wp-content\/uploads\/weimar-goethe-schiller-denkmal-juni-2023-1-1280x853.jpg 1280w, https:\/\/angiestravelroutes.com\/wp-content\/uploads\/weimar-goethe-schiller-denkmal-juni-2023-1-980x653.jpg 980w, https:\/\/angiestravelroutes.com\/wp-content\/uploads\/weimar-goethe-schiller-denkmal-juni-2023-1-480x320.jpg 480w\" sizes=\"(min-width: 0px) and (max-width: 480px) 480px, (min-width: 481px) and (max-width: 980px) 980px, (min-width: 981px) and (max-width: 1280px) 1280px, (min-width: 1281px) 1920px, 100vw\" \/>\r\n\r\n    <\/a>\r\n  <\/div>\r\n  <p class=\"excerpt post_excerpt\">\r\n    Weimars Sehensw\u00fcrdigkeiten stehen in einem besonderen Spannungsfeld: Hier liegen kulturelle Sternstunden der deutschen Geschichte und die Erinnerung an ihre dunkelsten <a class=\"read-more\" href=\"https:\/\/angiestravelroutes.com\/en\/weimar-sehenswuerdigkeiten-tipps\/\"> weiterlesen<\/a>  <\/p>\r\n        <\/div>\r\n              <div class=\"item\">\r\n          \r\n  <a class=\"title post_title\"  title=\"Reiseziel Deutschland &#8211; 100+ ausgew\u00e4hlte Orte nach Bundesl\u00e4ndern\" href=\"https:\/\/angiestravelroutes.com\/en\/reiseziel-deutschland\/\">\r\n        Reiseziel Deutschland &#8211; 100+ ausgew\u00e4hlte Orte nach Bundesl\u00e4ndern  <\/a>\r\n\r\n  <div class=\"thumb post_thumb\">\r\n    <a  title=\"Reiseziel Deutschland &#8211; 100+ ausgew\u00e4hlte Orte nach Bundesl\u00e4ndern\" href=\"https:\/\/angiestravelroutes.com\/en\/reiseziel-deutschland\/\">\r\n\r\n      <img width=\"1080\" height=\"675\" src=\"https:\/\/angiestravelroutes.com\/wp-content\/uploads\/schoenste-reiseziele-deutschland-berlin-brandenburger-tor-04-angiestravelroutes.jpg\" class=\"attachment-full size-full wp-post-image\" alt=\"Sch\u00f6nste Reiseziele Deutschland - die Top 100 - Berlin - Brandenburger Tor - angiestravelroutes.com\" decoding=\"async\" srcset=\"https:\/\/angiestravelroutes.com\/wp-content\/uploads\/schoenste-reiseziele-deutschland-berlin-brandenburger-tor-04-angiestravelroutes.jpg 1080w, https:\/\/angiestravelroutes.com\/wp-content\/uploads\/schoenste-reiseziele-deutschland-berlin-brandenburger-tor-04-angiestravelroutes-980x613.jpg 980w, https:\/\/angiestravelroutes.com\/wp-content\/uploads\/schoenste-reiseziele-deutschland-berlin-brandenburger-tor-04-angiestravelroutes-480x300.jpg 480w\" sizes=\"(min-width: 0px) and (max-width: 480px) 480px, (min-width: 481px) and (max-width: 980px) 980px, (min-width: 981px) 1080px, 100vw\" \/>\r\n\r\n    <\/a>\r\n  <\/div>\r\n  <p class=\"excerpt post_excerpt\">\r\n    Du planst eine Reise in Deutschland \u2013 vielleicht ein verl\u00e4ngertes Wochenende, vielleicht eine mehrw\u00f6chige Rundtour? Zwischen K\u00fcsten und Alpen, UNESCO-Welterbest\u00e4tten <a class=\"read-more\" href=\"https:\/\/angiestravelroutes.com\/en\/reiseziel-deutschland\/\"> weiterlesen<\/a>  <\/p>\r\n        <\/div>\r\n      \r\n  <\/div>\r\n\r\n  <script>\r\n      <\/script>\r\n  <style>\r\n    .related-post {}\r\n\r\n    .related-post .post-list {\r\n      text-align: left;\r\n          }\r\n\r\n    .related-post .post-list .item {\r\n      margin: 10px;\r\n      padding: 0px;\r\n          }\r\n\r\n    .related-post .headline {\r\n      font-size: 20px !important;\r\n      color: #bc9c22 !important;\r\n          }\r\n\r\n    .related-post .post-list .item .post_title {\r\n      font-size: 16px;\r\n      color: #262829;\r\n      margin: 10px 0px;\r\n      padding: 0px;\r\n      display: block;\r\n      text-decoration: none;\r\n          }\r\n\r\n    .related-post .post-list .item .post_thumb {\r\n      max-height: 220px;\r\n      margin: 10px 0px;\r\n      padding: 0px;\r\n      display: block;\r\n          }\r\n\r\n    .related-post .post-list .item .post_excerpt {\r\n      font-size: 14px;\r\n      color: #262829;\r\n      margin: 10px 0px;\r\n      padding: 0px;\r\n      display: block;\r\n      text-decoration: none;\r\n          }\r\n\r\n    @media only screen and (min-width: 1024px) {\r\n      .related-post .post-list .item {\r\n        width: 45%;\r\n      }\r\n    }\r\n\r\n    @media only screen and (min-width: 768px) and (max-width: 1023px) {\r\n      .related-post .post-list .item {\r\n        width: 90%;\r\n      }\r\n    }\r\n\r\n    @media only screen and (min-width: 0px) and (max-width: 767px) {\r\n      .related-post .post-list .item {\r\n        width: 90%;\r\n      }\r\n    }\r\n\r\n      <\/style>\r\n    <\/div>\r\n","protected":false},"author":1,"featured_media":18021,"comment_status":"open","ping_status":"open","sticky":false,"template":"","format":"standard","meta":{"_et_pb_use_builder":"off","_et_pb_old_content":"","_et_gb_content_width":"","_uag_custom_page_level_css":"","_lmt_disableupdate":"","_lmt_disable":"","footnotes":""},"categories":[27,45],"tags":[],"class_list":["post-17991","post","type-post","status-publish","format-standard","has-post-thumbnail","hentry","category-baden-wuerttemberg","category-stadtrundgaenge"],"modified_by":"Angelika Klein","uagb_featured_image_src":{"full":["https:\/\/angiestravelroutes.com\/wp-content\/uploads\/bb-zavelstein-krokusbluete.jpg",1920,1280,false],"thumbnail":["https:\/\/angiestravelroutes.com\/wp-content\/uploads\/bb-zavelstein-krokusbluete-150x150.jpg",150,150,true],"medium":["https:\/\/angiestravelroutes.com\/wp-content\/uploads\/bb-zavelstein-krokusbluete-300x200.jpg",300,200,true],"medium_large":["https:\/\/angiestravelroutes.com\/wp-content\/uploads\/bb-zavelstein-krokusbluete-768x512.jpg",768,512,true],"large":["https:\/\/angiestravelroutes.com\/wp-content\/uploads\/bb-zavelstein-krokusbluete-1536x1024.jpg",1080,720,true],"1536x1536":["https:\/\/angiestravelroutes.com\/wp-content\/uploads\/bb-zavelstein-krokusbluete-1536x1024.jpg",1536,1024,true],"2048x2048":["https:\/\/angiestravelroutes.com\/wp-content\/uploads\/bb-zavelstein-krokusbluete.jpg",1920,1280,false],"trp-custom-language-flag":["https:\/\/angiestravelroutes.com\/wp-content\/uploads\/bb-zavelstein-krokusbluete-18x12.jpg",18,12,true],"et-pb-post-main-image":["https:\/\/angiestravelroutes.com\/wp-content\/uploads\/bb-zavelstein-krokusbluete-400x250.jpg",400,250,true],"et-pb-post-main-image-fullwidth":["https:\/\/angiestravelroutes.com\/wp-content\/uploads\/bb-zavelstein-krokusbluete-1080x675.jpg",1080,675,true],"et-pb-portfolio-image":["https:\/\/angiestravelroutes.com\/wp-content\/uploads\/bb-zavelstein-krokusbluete-400x284.jpg",400,284,true],"et-pb-portfolio-module-image":["https:\/\/angiestravelroutes.com\/wp-content\/uploads\/bb-zavelstein-krokusbluete-510x382.jpg",510,382,true],"et-pb-portfolio-image-single":["https:\/\/angiestravelroutes.com\/wp-content\/uploads\/bb-zavelstein-krokusbluete-1080x720.jpg",1080,720,true],"et-pb-gallery-module-image-portrait":["https:\/\/angiestravelroutes.com\/wp-content\/uploads\/bb-zavelstein-krokusbluete-400x516.jpg",400,516,true],"et-pb-post-main-image-fullwidth-large":["https:\/\/angiestravelroutes.com\/wp-content\/uploads\/bb-zavelstein-krokusbluete.jpg",1920,1280,false],"et-pb-image--responsive--desktop":["https:\/\/angiestravelroutes.com\/wp-content\/uploads\/bb-zavelstein-krokusbluete-1280x853.jpg",1080,720,true],"et-pb-image--responsive--tablet":["https:\/\/angiestravelroutes.com\/wp-content\/uploads\/bb-zavelstein-krokusbluete-980x653.jpg",827,551,true],"et-pb-image--responsive--phone":["https:\/\/angiestravelroutes.com\/wp-content\/uploads\/bb-zavelstein-krokusbluete-480x320.jpg",405,270,true]},"uagb_author_info":{"display_name":"Angelika Klein","author_link":"https:\/\/angiestravelroutes.com\/en\/author\/gelisbusiness2022\/"},"uagb_comment_info":14,"uagb_excerpt":"Anfang M\u00e4rz verwandeln sich die Wiesen beim kleinen Schwarzwaldst\u00e4dtchen Zavelstein, einem Ortsteil von Bad Teinach, in ein violettes Bl\u00fctenmeer. Tausende wild wachsender Krokusse bedecken die Wiesen rund um die historische Altstadt und locken jedes Jahr im M\u00e4rz zahlreiche Besucher in den Nordschwarzwald. Ich war an einem sonnigen Fr\u00fchlingstag dort unterwegs und habe die Krokusbl\u00fcte mit&hellip;","_links":{"self":[{"href":"https:\/\/angiestravelroutes.com\/en\/wp-json\/wp\/v2\/posts\/17991","targetHints":{"allow":["GET"]}}],"collection":[{"href":"https:\/\/angiestravelroutes.com\/en\/wp-json\/wp\/v2\/posts"}],"about":[{"href":"https:\/\/angiestravelroutes.com\/en\/wp-json\/wp\/v2\/types\/post"}],"author":[{"embeddable":true,"href":"https:\/\/angiestravelroutes.com\/en\/wp-json\/wp\/v2\/users\/1"}],"replies":[{"embeddable":true,"href":"https:\/\/angiestravelroutes.com\/en\/wp-json\/wp\/v2\/comments?post=17991"}],"version-history":[{"count":11,"href":"https:\/\/angiestravelroutes.com\/en\/wp-json\/wp\/v2\/posts\/17991\/revisions"}],"predecessor-version":[{"id":18408,"href":"https:\/\/angiestravelroutes.com\/en\/wp-json\/wp\/v2\/posts\/17991\/revisions\/18408"}],"wp:featuredmedia":[{"embeddable":true,"href":"https:\/\/angiestravelroutes.com\/en\/wp-json\/wp\/v2\/media\/18021"}],"wp:attachment":[{"href":"https:\/\/angiestravelroutes.com\/en\/wp-json\/wp\/v2\/media?parent=17991"}],"wp:term":[{"taxonomy":"category","embeddable":true,"href":"https:\/\/angiestravelroutes.com\/en\/wp-json\/wp\/v2\/categories?post=17991"},{"taxonomy":"post_tag","embeddable":true,"href":"https:\/\/angiestravelroutes.com\/en\/wp-json\/wp\/v2\/tags?post=17991"}],"curies":[{"name":"wp","href":"https:\/\/api.w.org\/{rel}","templated":true}]}}